{"id":23947,"date":"2026-03-05T12:57:21","date_gmt":"2026-03-05T11:57:21","guid":{"rendered":"https:\/\/carea-facade.com\/fr\/blog\/"},"modified":"2026-03-12T12:58:41","modified_gmt":"2026-03-12T11:58:41","slug":"%f0%9f%97%9e%ef%b8%8f-interview-salon-nordbat-2","status":"publish","type":"post","link":"https:\/\/carea-facade.com\/fr\/blog\/%f0%9f%97%9e%ef%b8%8f-interview-salon-nordbat-2\/","title":{"rendered":"\ud83d\uddde\ufe0f Interview Salon NORDBAT"},"content":{"rendered":"\n<div class=\"wp-block-group has-global-padding is-layout-constrained wp-container-core-group-is-layout-0c772761 wp-block-group-is-layout-constrained\" style=\"padding-top:var(--wp--preset--spacing--theme-m);padding-right:var(--wp--preset--spacing--theme-xs);padding-bottom:var(--wp--preset--spacing--theme-m);padding-left:var(--wp--preset--spacing--theme-xs)\">\n<div class=\"wp-block-group content-content-group is-vertical is-layout-flex wp-container-core-group-is-layout-d309df8e wp-block-group-is-layout-flex\">\n<h1 class=\"wp-block-heading has-secondary-color has-text-color has-link-color wp-elements-5fc08f0f85fee21f5722efd387444d63\" style=\"font-style:normal;font-weight:500;text-transform:uppercase\"><strong>Nouveaut\u00e9s fa\u00e7ade : MECA &amp; MAGMA<\/strong><\/h1>\n\n\n\n<p>\u00c0 l\u2019occasion du salon <a href=\"https:\/\/www.linkedin.com\/company\/nordbat-lille\/\">NORDBAT<\/a> 2026, CAREA a \u00e9chang\u00e9 avec la presse sp\u00e9cialis\u00e9e sur les \u00e9volutions du march\u00e9 de la fa\u00e7ade et de l\u2019isolation.<br>Un point cl\u00e9 ressort : la progression des besoins en sur-isolation dans la r\u00e9novation.<br><br>Avec des syst\u00e8mes \u00e0 embo\u00eetement pos\u00e9s directement sur isolant rigide, il devient possible d\u2019intervenir sur l\u2019existant sans d\u00e9poser l\u2019isolant encore performant : une approche de recyclage in situ qui limite les d\u00e9chets tout en am\u00e9liorant la performance \u00e9nerg\u00e9tique du b\u00e2timent.<br><br>Autre \u00e9volution majeure : l\u2019adaptation des syst\u00e8mes aux \u00e9paisseurs d\u2019isolant plus importantes, d\u00e9sormais valid\u00e9es jusqu\u2019\u00e0 240 mm, tout en conservant des performances feu \u00e9lev\u00e9es (Euroclasse A2-s1,d0).<br><br>R\u00e9sultat :<br>\u2714 une mise en \u0153uvre rapide pour les fa\u00e7adiers<br>\u2714 une solution durable et architecturale<br>\u2714 une r\u00e9ponse concr\u00e8te aux enjeux de r\u00e9novation \u00e9nerg\u00e9tique.<br>Merci \u00e0 Batiweb et ses journalistes pour cet \u00e9change r\u00e9alis\u00e9 sur le salon.<br><br><a href=\"https:\/\/www.batiweb.com\/actualites\/isolation\/a-nordbat-carea-fait-la-part-belle-a-la-sur-isolation-48368\" type=\"link\" id=\"https:\/\/www.batiweb.com\/actualites\/isolation\/a-nordbat-carea-fait-la-part-belle-a-la-sur-isolation-48368\">\ud83d\udc49 \u00c0 lire ici : https:\/\/www.batiweb.com\/actualites\/isolation\/a-nordbat-carea-fait-la-part-belle-a-la-sur-isolation-48368<\/a><\/p>\n\n\n\n<figure class=\"wp-block-image size-large\"><img loading=\"lazy\" decoding=\"async\" width=\"768\" height=\"1024\" src=\"https:\/\/carea-facade.com\/wp-content\/uploads\/2026\/03\/IMG_3449-768x1024.jpg\" alt=\"IMG 3449\" class=\"wp-image-23949\" srcset=\"https:\/\/carea-facade.com\/wp-content\/uploads\/2026\/03\/IMG_3449-768x1024.jpg 768w, https:\/\/carea-facade.com\/wp-content\/uploads\/2026\/03\/IMG_3449-225x300.jpg 225w, https:\/\/carea-facade.com\/wp-content\/uploads\/2026\/03\/IMG_3449-1152x1536.jpg 1152w, https:\/\/carea-facade.com\/wp-content\/uploads\/2026\/03\/IMG_3449.jpg 1200w\" sizes=\"auto, (max-width: 768px) 100vw, 768px\" \/><figcaption class=\"wp-element-caption\">IMG 3449<\/figcaption><\/figure>\n\n\n\n<figure class=\"wp-block-embed is-type-rich is-provider-prise-en-charge-des-contenus-embarqu-s wp-block-embed-prise-en-charge-des-contenus-embarqu-s wp-embed-aspect-16-9 wp-has-aspect-ratio\"><div class=\"wp-block-embed__wrapper\">\n<iframe loading=\"lazy\" title=\"Nouveaut\u00e9 fa\u00e7ade : Carea MECA\" width=\"500\" height=\"281\" src=\"https:\/\/www.youtube.com\/embed\/mQIrZCeZX9Q?feature=oembed\" frameborder=\"0\" allow=\"accelerometer; autoplay; clipboard-write; encrypted-media; gyroscope; picture-in-picture; web-share\" referrerpolicy=\"strict-origin-when-cross-origin\" allowfullscreen><\/iframe>\n<\/div><\/figure>\n\n\n\n<figure class=\"wp-block-embed is-type-rich is-provider-prise-en-charge-des-contenus-embarqu-s wp-block-embed-prise-en-charge-des-contenus-embarqu-s wp-embed-aspect-16-9 wp-has-aspect-ratio\"><div class=\"wp-block-embed__wrapper\">\n<iframe loading=\"lazy\" title=\"Nouveaut\u00e9 fa\u00e7ade : Carea MECA\" width=\"500\" height=\"281\" src=\"https:\/\/www.youtube.com\/embed\/mQIrZCeZX9Q?feature=oembed\" frameborder=\"0\" allow=\"accelerometer; autoplay; clipboard-write; encrypted-media; gyroscope; picture-in-picture; web-share\" referrerpolicy=\"strict-origin-when-cross-origin\" allowfullscreen><\/iframe>\n<\/div><\/figure>\n\n\n\n<figure class=\"wp-block-embed is-type-rich is-provider-prise-en-charge-des-contenus-embarqu-s wp-block-embed-prise-en-charge-des-contenus-embarqu-s wp-embed-aspect-16-9 wp-has-aspect-ratio\"><div class=\"wp-block-embed__wrapper\">\n<iframe loading=\"lazy\" title=\"Nouveaut\u00e9 fa\u00e7ade : Carea MECA\" width=\"500\" height=\"281\" src=\"https:\/\/www.youtube.com\/embed\/mQIrZCeZX9Q?feature=oembed\" frameborder=\"0\" allow=\"accelerometer; autoplay; clipboard-write; encrypted-media; gyroscope; picture-in-picture; web-share\" referrerpolicy=\"strict-origin-when-cross-origin\" allowfullscreen><\/iframe>\n<\/div><\/figure>\n<\/div>\n<\/div>\n","protected":false},"excerpt":{"rendered":"<p>Nouveaut\u00e9s fa\u00e7ade : MECA &amp; MAGMA \u00c0 l\u2019occasion du salon NORDBAT 2026, CAREA a \u00e9chang\u00e9 avec la presse sp\u00e9cialis\u00e9e sur les \u00e9volutions du march\u00e9 de la fa\u00e7ade et de l\u2019isolation.Un point cl\u00e9 ressort : la progression des besoins en sur-isolation dans la r\u00e9novation. Avec des syst\u00e8mes \u00e0 embo\u00eetement pos\u00e9s directement sur isolant rigide, il devient [&hellip;]<\/p>\n","protected":false},"author":5,"featured_media":23949,"comment_status":"closed","ping_status":"open","sticky":false,"template":"","format":"standard","meta":{"_acf_changed":false,"footnotes":""},"categories":[158],"tags":[],"class_list":["post-23947","post","type-post","status-publish","format-standard","has-post-thumbnail","hentry","category-blog"],"acf":[],"yoast_head":"<!-- This site is optimized with the Yoast SEO plugin v27.4 - https:\/\/yoast.com\/product\/yoast-seo-wordpress\/ -->\n<title>\ud83d\uddde\ufe0f Interview Salon NORDBAT - Carea facade<\/title>\n<meta name=\"robots\" content=\"index, follow, max-snippet:-1, max-image-preview:large, max-video-preview:-1\" \/>\n<link rel=\"canonical\" href=\"https:\/\/carea-facade.com\/fr\/blog\/%f0%9f%97%9e%ef%b8%8f-interview-salon-nordbat-2\/\" \/>\n<meta property=\"og:locale\" content=\"fr_FR\" \/>\n<meta property=\"og:type\" content=\"article\" \/>\n<meta property=\"og:title\" content=\"\ud83d\uddde\ufe0f Interview Salon NORDBAT - Carea facade\" \/>\n<meta property=\"og:description\" content=\"Nouveaut\u00e9s fa\u00e7ade : MECA &amp; MAGMA \u00c0 l\u2019occasion du salon NORDBAT 2026, CAREA a \u00e9chang\u00e9 avec la presse sp\u00e9cialis\u00e9e sur les \u00e9volutions du march\u00e9 de la fa\u00e7ade et de l\u2019isolation.Un point cl\u00e9 ressort : la progression des besoins en sur-isolation dans la r\u00e9novation. Avec des syst\u00e8mes \u00e0 embo\u00eetement pos\u00e9s directement sur isolant rigide, il devient [&hellip;]\" \/>\n<meta property=\"og:url\" content=\"https:\/\/carea-facade.com\/fr\/blog\/%f0%9f%97%9e%ef%b8%8f-interview-salon-nordbat-2\/\" \/>\n<meta property=\"og:site_name\" content=\"Carea facade\" \/>\n<meta property=\"article:published_time\" content=\"2026-03-05T11:57:21+00:00\" \/>\n<meta property=\"article:modified_time\" content=\"2026-03-12T11:58:41+00:00\" \/>\n<meta property=\"og:image\" content=\"https:\/\/carea-facade.com\/wp-content\/uploads\/2026\/03\/IMG_3449.jpg\" \/>\n\t<meta property=\"og:image:width\" content=\"1200\" \/>\n\t<meta property=\"og:image:height\" content=\"1600\" \/>\n\t<meta property=\"og:image:type\" content=\"image\/jpeg\" \/>\n<meta name=\"author\" content=\"Alexandre MALLER\" \/>\n<meta name=\"twitter:card\" content=\"summary_large_image\" \/>\n<meta name=\"twitter:label1\" content=\"\u00c9crit par\" \/>\n\t<meta name=\"twitter:data1\" content=\"Alexandre MALLER\" \/>\n\t<meta name=\"twitter:label2\" content=\"Dur\u00e9e de lecture estim\u00e9e\" \/>\n\t<meta name=\"twitter:data2\" content=\"2 minutes\" \/>\n<script type=\"application\/ld+json\" class=\"yoast-schema-graph\">{\"@context\":\"https:\\\/\\\/schema.org\",\"@graph\":[{\"@type\":\"Article\",\"@id\":\"https:\\\/\\\/carea-facade.com\\\/fr\\\/blog\\\/%f0%9f%97%9e%ef%b8%8f-interview-salon-nordbat-2\\\/#article\",\"isPartOf\":{\"@id\":\"https:\\\/\\\/carea-facade.com\\\/fr\\\/blog\\\/%f0%9f%97%9e%ef%b8%8f-interview-salon-nordbat-2\\\/\"},\"author\":{\"name\":\"Alexandre MALLER\",\"@id\":\"https:\\\/\\\/carea-facade.com\\\/fr\\\/#\\\/schema\\\/person\\\/dc7a4b8ce7d2f98a717a25e54304e73e\"},\"headline\":\"\ud83d\uddde\ufe0f Interview Salon NORDBAT\",\"datePublished\":\"2026-03-05T11:57:21+00:00\",\"dateModified\":\"2026-03-12T11:58:41+00:00\",\"mainEntityOfPage\":{\"@id\":\"https:\\\/\\\/carea-facade.com\\\/fr\\\/blog\\\/%f0%9f%97%9e%ef%b8%8f-interview-salon-nordbat-2\\\/\"},\"wordCount\":204,\"publisher\":{\"@id\":\"https:\\\/\\\/carea-facade.com\\\/fr\\\/#organization\"},\"image\":{\"@id\":\"https:\\\/\\\/carea-facade.com\\\/fr\\\/blog\\\/%f0%9f%97%9e%ef%b8%8f-interview-salon-nordbat-2\\\/#primaryimage\"},\"thumbnailUrl\":\"https:\\\/\\\/carea-facade.com\\\/wp-content\\\/uploads\\\/2026\\\/03\\\/IMG_3449.jpg\",\"articleSection\":[\"blog\"],\"inLanguage\":\"fr-FR\"},{\"@type\":\"WebPage\",\"@id\":\"https:\\\/\\\/carea-facade.com\\\/fr\\\/blog\\\/%f0%9f%97%9e%ef%b8%8f-interview-salon-nordbat-2\\\/\",\"url\":\"https:\\\/\\\/carea-facade.com\\\/fr\\\/blog\\\/%f0%9f%97%9e%ef%b8%8f-interview-salon-nordbat-2\\\/\",\"name\":\"\ud83d\uddde\ufe0f Interview Salon NORDBAT - Carea facade\",\"isPartOf\":{\"@id\":\"https:\\\/\\\/carea-facade.com\\\/fr\\\/#website\"},\"primaryImageOfPage\":{\"@id\":\"https:\\\/\\\/carea-facade.com\\\/fr\\\/blog\\\/%f0%9f%97%9e%ef%b8%8f-interview-salon-nordbat-2\\\/#primaryimage\"},\"image\":{\"@id\":\"https:\\\/\\\/carea-facade.com\\\/fr\\\/blog\\\/%f0%9f%97%9e%ef%b8%8f-interview-salon-nordbat-2\\\/#primaryimage\"},\"thumbnailUrl\":\"https:\\\/\\\/carea-facade.com\\\/wp-content\\\/uploads\\\/2026\\\/03\\\/IMG_3449.jpg\",\"datePublished\":\"2026-03-05T11:57:21+00:00\",\"dateModified\":\"2026-03-12T11:58:41+00:00\",\"breadcrumb\":{\"@id\":\"https:\\\/\\\/carea-facade.com\\\/fr\\\/blog\\\/%f0%9f%97%9e%ef%b8%8f-interview-salon-nordbat-2\\\/#breadcrumb\"},\"inLanguage\":\"fr-FR\",\"potentialAction\":[{\"@type\":\"ReadAction\",\"target\":[\"https:\\\/\\\/carea-facade.com\\\/fr\\\/blog\\\/%f0%9f%97%9e%ef%b8%8f-interview-salon-nordbat-2\\\/\"]}]},{\"@type\":\"ImageObject\",\"inLanguage\":\"fr-FR\",\"@id\":\"https:\\\/\\\/carea-facade.com\\\/fr\\\/blog\\\/%f0%9f%97%9e%ef%b8%8f-interview-salon-nordbat-2\\\/#primaryimage\",\"url\":\"https:\\\/\\\/carea-facade.com\\\/wp-content\\\/uploads\\\/2026\\\/03\\\/IMG_3449.jpg\",\"contentUrl\":\"https:\\\/\\\/carea-facade.com\\\/wp-content\\\/uploads\\\/2026\\\/03\\\/IMG_3449.jpg\",\"width\":1200,\"height\":1600,\"caption\":\"IMG 3449\"},{\"@type\":\"BreadcrumbList\",\"@id\":\"https:\\\/\\\/carea-facade.com\\\/fr\\\/blog\\\/%f0%9f%97%9e%ef%b8%8f-interview-salon-nordbat-2\\\/#breadcrumb\",\"itemListElement\":[{\"@type\":\"ListItem\",\"position\":1,\"name\":\"Accueil\",\"item\":\"https:\\\/\\\/carea-facade.com\\\/fr\\\/home\\\/\"},{\"@type\":\"ListItem\",\"position\":2,\"name\":\"\ud83d\uddde\ufe0f Interview Salon NORDBAT\"}]},{\"@type\":\"WebSite\",\"@id\":\"https:\\\/\\\/carea-facade.com\\\/fr\\\/#website\",\"url\":\"https:\\\/\\\/carea-facade.com\\\/fr\\\/\",\"name\":\"Carea facade\",\"description\":\"\",\"publisher\":{\"@id\":\"https:\\\/\\\/carea-facade.com\\\/fr\\\/#organization\"},\"potentialAction\":[{\"@type\":\"SearchAction\",\"target\":{\"@type\":\"EntryPoint\",\"urlTemplate\":\"https:\\\/\\\/carea-facade.com\\\/fr\\\/?s={search_term_string}\"},\"query-input\":{\"@type\":\"PropertyValueSpecification\",\"valueRequired\":true,\"valueName\":\"search_term_string\"}}],\"inLanguage\":\"fr-FR\"},{\"@type\":\"Organization\",\"@id\":\"https:\\\/\\\/carea-facade.com\\\/fr\\\/#organization\",\"name\":\"Carea facade\",\"url\":\"https:\\\/\\\/carea-facade.com\\\/fr\\\/\",\"logo\":{\"@type\":\"ImageObject\",\"inLanguage\":\"fr-FR\",\"@id\":\"https:\\\/\\\/carea-facade.com\\\/fr\\\/#\\\/schema\\\/logo\\\/image\\\/\",\"url\":\"https:\\\/\\\/carea-facade.com\\\/wp-content\\\/uploads\\\/2025\\\/10\\\/logo-carea.svg\",\"contentUrl\":\"https:\\\/\\\/carea-facade.com\\\/wp-content\\\/uploads\\\/2025\\\/10\\\/logo-carea.svg\",\"width\":131,\"height\":95,\"caption\":\"Carea facade\"},\"image\":{\"@id\":\"https:\\\/\\\/carea-facade.com\\\/fr\\\/#\\\/schema\\\/logo\\\/image\\\/\"}},{\"@type\":\"Person\",\"@id\":\"https:\\\/\\\/carea-facade.com\\\/fr\\\/#\\\/schema\\\/person\\\/dc7a4b8ce7d2f98a717a25e54304e73e\",\"name\":\"Alexandre MALLER\",\"image\":{\"@type\":\"ImageObject\",\"inLanguage\":\"fr-FR\",\"@id\":\"https:\\\/\\\/secure.gravatar.com\\\/avatar\\\/929ccfe29aee81398414d55db653f3aeba231aa69c6878d7b57498b8744b0e4e?s=96&d=mm&r=g\",\"url\":\"https:\\\/\\\/secure.gravatar.com\\\/avatar\\\/929ccfe29aee81398414d55db653f3aeba231aa69c6878d7b57498b8744b0e4e?s=96&d=mm&r=g\",\"contentUrl\":\"https:\\\/\\\/secure.gravatar.com\\\/avatar\\\/929ccfe29aee81398414d55db653f3aeba231aa69c6878d7b57498b8744b0e4e?s=96&d=mm&r=g\",\"caption\":\"Alexandre MALLER\"},\"url\":\"https:\\\/\\\/carea-facade.com\\\/fr\\\/author\\\/amaller\\\/\"}]}<\/script>\n<!-- \/ Yoast SEO plugin. -->","yoast_head_json":{"title":"\ud83d\uddde\ufe0f Interview Salon NORDBAT - Carea facade","robots":{"index":"index","follow":"follow","max-snippet":"max-snippet:-1","max-image-preview":"max-image-preview:large","max-video-preview":"max-video-preview:-1"},"canonical":"https:\/\/carea-facade.com\/fr\/blog\/%f0%9f%97%9e%ef%b8%8f-interview-salon-nordbat-2\/","og_locale":"fr_FR","og_type":"article","og_title":"\ud83d\uddde\ufe0f Interview Salon NORDBAT - Carea facade","og_description":"Nouveaut\u00e9s fa\u00e7ade : MECA &amp; MAGMA \u00c0 l\u2019occasion du salon NORDBAT 2026, CAREA a \u00e9chang\u00e9 avec la presse sp\u00e9cialis\u00e9e sur les \u00e9volutions du march\u00e9 de la fa\u00e7ade et de l\u2019isolation.Un point cl\u00e9 ressort : la progression des besoins en sur-isolation dans la r\u00e9novation. Avec des syst\u00e8mes \u00e0 embo\u00eetement pos\u00e9s directement sur isolant rigide, il devient [&hellip;]","og_url":"https:\/\/carea-facade.com\/fr\/blog\/%f0%9f%97%9e%ef%b8%8f-interview-salon-nordbat-2\/","og_site_name":"Carea facade","article_published_time":"2026-03-05T11:57:21+00:00","article_modified_time":"2026-03-12T11:58:41+00:00","og_image":[{"width":1200,"height":1600,"url":"https:\/\/carea-facade.com\/wp-content\/uploads\/2026\/03\/IMG_3449.jpg","type":"image\/jpeg"}],"author":"Alexandre MALLER","twitter_card":"summary_large_image","twitter_misc":{"\u00c9crit par":"Alexandre MALLER","Dur\u00e9e de lecture estim\u00e9e":"2 minutes"},"schema":{"@context":"https:\/\/schema.org","@graph":[{"@type":"Article","@id":"https:\/\/carea-facade.com\/fr\/blog\/%f0%9f%97%9e%ef%b8%8f-interview-salon-nordbat-2\/#article","isPartOf":{"@id":"https:\/\/carea-facade.com\/fr\/blog\/%f0%9f%97%9e%ef%b8%8f-interview-salon-nordbat-2\/"},"author":{"name":"Alexandre MALLER","@id":"https:\/\/carea-facade.com\/fr\/#\/schema\/person\/dc7a4b8ce7d2f98a717a25e54304e73e"},"headline":"\ud83d\uddde\ufe0f Interview Salon NORDBAT","datePublished":"2026-03-05T11:57:21+00:00","dateModified":"2026-03-12T11:58:41+00:00","mainEntityOfPage":{"@id":"https:\/\/carea-facade.com\/fr\/blog\/%f0%9f%97%9e%ef%b8%8f-interview-salon-nordbat-2\/"},"wordCount":204,"publisher":{"@id":"https:\/\/carea-facade.com\/fr\/#organization"},"image":{"@id":"https:\/\/carea-facade.com\/fr\/blog\/%f0%9f%97%9e%ef%b8%8f-interview-salon-nordbat-2\/#primaryimage"},"thumbnailUrl":"https:\/\/carea-facade.com\/wp-content\/uploads\/2026\/03\/IMG_3449.jpg","articleSection":["blog"],"inLanguage":"fr-FR"},{"@type":"WebPage","@id":"https:\/\/carea-facade.com\/fr\/blog\/%f0%9f%97%9e%ef%b8%8f-interview-salon-nordbat-2\/","url":"https:\/\/carea-facade.com\/fr\/blog\/%f0%9f%97%9e%ef%b8%8f-interview-salon-nordbat-2\/","name":"\ud83d\uddde\ufe0f Interview Salon NORDBAT - Carea facade","isPartOf":{"@id":"https:\/\/carea-facade.com\/fr\/#website"},"primaryImageOfPage":{"@id":"https:\/\/carea-facade.com\/fr\/blog\/%f0%9f%97%9e%ef%b8%8f-interview-salon-nordbat-2\/#primaryimage"},"image":{"@id":"https:\/\/carea-facade.com\/fr\/blog\/%f0%9f%97%9e%ef%b8%8f-interview-salon-nordbat-2\/#primaryimage"},"thumbnailUrl":"https:\/\/carea-facade.com\/wp-content\/uploads\/2026\/03\/IMG_3449.jpg","datePublished":"2026-03-05T11:57:21+00:00","dateModified":"2026-03-12T11:58:41+00:00","breadcrumb":{"@id":"https:\/\/carea-facade.com\/fr\/blog\/%f0%9f%97%9e%ef%b8%8f-interview-salon-nordbat-2\/#breadcrumb"},"inLanguage":"fr-FR","potentialAction":[{"@type":"ReadAction","target":["https:\/\/carea-facade.com\/fr\/blog\/%f0%9f%97%9e%ef%b8%8f-interview-salon-nordbat-2\/"]}]},{"@type":"ImageObject","inLanguage":"fr-FR","@id":"https:\/\/carea-facade.com\/fr\/blog\/%f0%9f%97%9e%ef%b8%8f-interview-salon-nordbat-2\/#primaryimage","url":"https:\/\/carea-facade.com\/wp-content\/uploads\/2026\/03\/IMG_3449.jpg","contentUrl":"https:\/\/carea-facade.com\/wp-content\/uploads\/2026\/03\/IMG_3449.jpg","width":1200,"height":1600,"caption":"IMG 3449"},{"@type":"BreadcrumbList","@id":"https:\/\/carea-facade.com\/fr\/blog\/%f0%9f%97%9e%ef%b8%8f-interview-salon-nordbat-2\/#breadcrumb","itemListElement":[{"@type":"ListItem","position":1,"name":"Accueil","item":"https:\/\/carea-facade.com\/fr\/home\/"},{"@type":"ListItem","position":2,"name":"\ud83d\uddde\ufe0f Interview Salon NORDBAT"}]},{"@type":"WebSite","@id":"https:\/\/carea-facade.com\/fr\/#website","url":"https:\/\/carea-facade.com\/fr\/","name":"Carea facade","description":"","publisher":{"@id":"https:\/\/carea-facade.com\/fr\/#organization"},"potentialAction":[{"@type":"SearchAction","target":{"@type":"EntryPoint","urlTemplate":"https:\/\/carea-facade.com\/fr\/?s={search_term_string}"},"query-input":{"@type":"PropertyValueSpecification","valueRequired":true,"valueName":"search_term_string"}}],"inLanguage":"fr-FR"},{"@type":"Organization","@id":"https:\/\/carea-facade.com\/fr\/#organization","name":"Carea facade","url":"https:\/\/carea-facade.com\/fr\/","logo":{"@type":"ImageObject","inLanguage":"fr-FR","@id":"https:\/\/carea-facade.com\/fr\/#\/schema\/logo\/image\/","url":"https:\/\/carea-facade.com\/wp-content\/uploads\/2025\/10\/logo-carea.svg","contentUrl":"https:\/\/carea-facade.com\/wp-content\/uploads\/2025\/10\/logo-carea.svg","width":131,"height":95,"caption":"Carea facade"},"image":{"@id":"https:\/\/carea-facade.com\/fr\/#\/schema\/logo\/image\/"}},{"@type":"Person","@id":"https:\/\/carea-facade.com\/fr\/#\/schema\/person\/dc7a4b8ce7d2f98a717a25e54304e73e","name":"Alexandre MALLER","image":{"@type":"ImageObject","inLanguage":"fr-FR","@id":"https:\/\/secure.gravatar.com\/avatar\/929ccfe29aee81398414d55db653f3aeba231aa69c6878d7b57498b8744b0e4e?s=96&d=mm&r=g","url":"https:\/\/secure.gravatar.com\/avatar\/929ccfe29aee81398414d55db653f3aeba231aa69c6878d7b57498b8744b0e4e?s=96&d=mm&r=g","contentUrl":"https:\/\/secure.gravatar.com\/avatar\/929ccfe29aee81398414d55db653f3aeba231aa69c6878d7b57498b8744b0e4e?s=96&d=mm&r=g","caption":"Alexandre MALLER"},"url":"https:\/\/carea-facade.com\/fr\/author\/amaller\/"}]}},"_links":{"self":[{"href":"https:\/\/carea-facade.com\/fr\/wp-json\/wp\/v2\/posts\/23947","targetHints":{"allow":["GET"]}}],"collection":[{"href":"https:\/\/carea-facade.com\/fr\/wp-json\/wp\/v2\/posts"}],"about":[{"href":"https:\/\/carea-facade.com\/fr\/wp-json\/wp\/v2\/types\/post"}],"author":[{"embeddable":true,"href":"https:\/\/carea-facade.com\/fr\/wp-json\/wp\/v2\/users\/5"}],"replies":[{"embeddable":true,"href":"https:\/\/carea-facade.com\/fr\/wp-json\/wp\/v2\/comments?post=23947"}],"version-history":[{"count":2,"href":"https:\/\/carea-facade.com\/fr\/wp-json\/wp\/v2\/posts\/23947\/revisions"}],"predecessor-version":[{"id":23950,"href":"https:\/\/carea-facade.com\/fr\/wp-json\/wp\/v2\/posts\/23947\/revisions\/23950"}],"wp:featuredmedia":[{"embeddable":true,"href":"https:\/\/carea-facade.com\/fr\/wp-json\/wp\/v2\/media\/23949"}],"wp:attachment":[{"href":"https:\/\/carea-facade.com\/fr\/wp-json\/wp\/v2\/media?parent=23947"}],"wp:term":[{"taxonomy":"category","embeddable":true,"href":"https:\/\/carea-facade.com\/fr\/wp-json\/wp\/v2\/categories?post=23947"},{"taxonomy":"post_tag","embeddable":true,"href":"https:\/\/carea-facade.com\/fr\/wp-json\/wp\/v2\/tags?post=23947"}],"curies":[{"name":"wp","href":"https:\/\/api.w.org\/{rel}","templated":true}]}}